{"id":277,"date":"2021-05-12T06:40:36","date_gmt":"2021-05-12T06:40:36","guid":{"rendered":"http:\/\/cursos.misblogs.site\/?p=277"},"modified":"2023-06-25T05:53:17","modified_gmt":"2023-06-25T05:53:17","slug":"ilustracao-arquitetonica-humanize-o-desenho-de-um-espaco","status":"publish","type":"post","link":"https:\/\/cursos.misblogs.site\/index.php\/ilustracao-arquitetonica-humanize-o-desenho-de-um-espaco\/","title":{"rendered":"Ilustra\u00e7\u00e3o arquitet\u00f4nica: humanize o desenho de um espa\u00e7o"},"content":{"rendered":"\n<p class=\"has-luminous-vivid-orange-color has-text-color\"><strong>PORTUGU\u00c9S CON SUBT\u00cdTULOS EN ESPA\u00d1OL<\/strong><\/p>\n\n\n\n<div class=\"wp-block-buttons is-horizontal is-content-justification-center is-layout-flex wp-container-core-buttons-is-layout-499968f5 wp-block-buttons-is-layout-flex\">\n<div class=\"wp-block-button has-custom-width wp-block-button__width-50\"><a class=\"wp-block-button__link has-vivid-purple-background-color has-background\" href=\"https:\/\/domestika.sjv.io\/0Zx2aM\" style=\"border-radius:10px\" target=\"_blank\" rel=\"noreferrer noopener\">V\u00e1 para o curso<\/a><\/div>\n<\/div>\n\n\n\n<p><\/p>\n\n\n\n<p>Qual \u00e9 o limite entre a arquitetura e arte? Compreender a identidade de um espa\u00e7o e saber transmiti-la por meio da ilustra\u00e7\u00e3o \u00e9 o desafio que o arquiteto urbanista Marcelo Marttins busca superar em seus projetos. Atrav\u00e9s do desenho humanizado, ele transforma sua m\u00e3o em uma poderosa ferramenta de representa\u00e7\u00e3o gr\u00e1fica.<\/p>\n\n\n\n<p>Neste curso, voc\u00ea aprender\u00e1 a criar uma ilustra\u00e7\u00e3o arquitet\u00f4nica feita inteiramente \u00e0 m\u00e3o. Utilizando t\u00e9cnicas do desenho humanizado, Marcelo ensinar\u00e1 voc\u00ea a transmitir a ess\u00eancia de um espa\u00e7o, conferir personalidade e dar um toque exclusivo \u00e0 sua planta arquitet\u00f4nica.<\/p>\n\n\n\n<p><\/p>\n\n\n\n<figure class=\"wp-block-embed is-type-video is-provider-vimeo wp-block-embed-vimeo\"><div class=\"wp-block-embed__wrapper\">\n<div class='embed-container'><iframe loading=\"lazy\" title=\"Ilustra\u00e7\u00e3o arquitet\u00f4nica: humanize o desenho de um espa\u00e7o - Um curso de Marcelo Marttins\" src=\"https:\/\/player.vimeo.com\/video\/500647512?dnt=1&amp;app_id=122963\" width=\"1920\" height=\"1080\" frameborder=\"0\" allow=\"autoplay; fullscreen; picture-in-picture\"><\/iframe><\/div>\n<\/div><\/figure>\n\n\n\n<div class=\"wp-block-buttons is-horizontal is-content-justification-center is-layout-flex wp-container-core-buttons-is-layout-499968f5 wp-block-buttons-is-layout-flex\">\n<div class=\"wp-block-button has-custom-width wp-block-button__width-50\"><a class=\"wp-block-button__link has-vivid-purple-background-color has-background\" href=\"https:\/\/domestika.sjv.io\/0Zx2aM\" style=\"border-radius:10px\" target=\"_blank\" rel=\"noreferrer noopener\">V\u00e1 para o curso<\/a><\/div>\n<\/div>\n\n\n\n<p><\/p>\n\n\n\n<p>Para come\u00e7ar, voc\u00ea conhecer\u00e1 o seu professor, Marcelo Marttins. Ele contar\u00e1 sobre sua trajet\u00f3ria profissional como arquiteto urbanista e engenheiro agr\u00f4nomo, e compartilhar\u00e1 as principais influ\u00eancias que despertaram sua paix\u00e3o pelo desenho.<\/p>\n\n\n\n<p>Em seguida, Marcelo explicar\u00e1 sobre o projeto deste curso e os principais materiais que voc\u00ea utilizar\u00e1 para criar a sua ilustra\u00e7\u00e3o. Voc\u00ea preparar\u00e1 a sua mesa de trabalho e aquecer\u00e1 suas m\u00e3os com exerc\u00edcios propostos pelo professor. Depois, descobrir\u00e1 a import\u00e2ncia das linhas e bordaduras no desenho arquitet\u00f4nico.<\/p>\n\n\n\n<p>Na terceira unidade, voc\u00ea aprender\u00e1 a distribuir os elementos gr\u00e1ficos da sua prancha de apresenta\u00e7\u00e3o para criar um layout equilibrado. Conhecer\u00e1 diferentes pontos de fuga, observando como eles influenciam na espacialidade do seu desenho, estudar\u00e1 a estrutura da figura humana e elementos de vegeta\u00e7\u00e3o, al\u00e9m das diversas texturas utilizadas em ilustra\u00e7\u00f5es arquitet\u00f4nicas.<\/p>\n\n\n\n<p>Chegou a hora de colocar a m\u00e3o na massa! Voc\u00ea dar\u00e1 in\u00edcio \u00e0 produ\u00e7\u00e3o do seu projeto final distribuindo o seu desenho na prancha de apresenta\u00e7\u00e3o. Trabalhando em camadas, voc\u00ea aplicar\u00e1 a tinta nanquim e a cor base para intensificar a sensa\u00e7\u00e3o de tridimensionalidade no seu projeto. Logo, aplicar\u00e1 texturas e sombras.<\/p>\n\n\n\n<p><\/p>\n\n\n\n<p><\/p>\n\n\n\n<p><\/p>\n\n\n\n<p><\/p>\n\n\n\n<p><\/p>\n\n\n\n<p><\/p>\n","protected":false},"excerpt":{"rendered":"<p>Aprenda a transmitir a alma de um espa\u00e7o atrav\u00e9s do desenho humanizado e finalize uma planta arquitet\u00f4nica exclusiva \u00e0 m\u00e3o<\/p>\n","protected":false},"author":1,"featured_media":278,"comment_status":"open","ping_status":"open","sticky":false,"template":"","format":"standard","meta":{"footnotes":""},"categories":[30,42],"tags":[36,54,51],"class_list":["post-277","post","type-post","status-publish","format-standard","has-post-thumbnail","hentry","category-cursos_en_portugues","category-ilustracion","tag-curso-en-portugues","tag-diseno","tag-ilustracion"],"_links":{"self":[{"href":"https:\/\/cursos.misblogs.site\/index.php\/wp-json\/wp\/v2\/posts\/277","targetHints":{"allow":["GET"]}}],"collection":[{"href":"https:\/\/cursos.misblogs.site\/index.php\/wp-json\/wp\/v2\/posts"}],"about":[{"href":"https:\/\/cursos.misblogs.site\/index.php\/wp-json\/wp\/v2\/types\/post"}],"author":[{"embeddable":true,"href":"https:\/\/cursos.misblogs.site\/index.php\/wp-json\/wp\/v2\/users\/1"}],"replies":[{"embeddable":true,"href":"https:\/\/cursos.misblogs.site\/index.php\/wp-json\/wp\/v2\/comments?post=277"}],"version-history":[{"count":3,"href":"https:\/\/cursos.misblogs.site\/index.php\/wp-json\/wp\/v2\/posts\/277\/revisions"}],"predecessor-version":[{"id":686,"href":"https:\/\/cursos.misblogs.site\/index.php\/wp-json\/wp\/v2\/posts\/277\/revisions\/686"}],"wp:featuredmedia":[{"embeddable":true,"href":"https:\/\/cursos.misblogs.site\/index.php\/wp-json\/wp\/v2\/media\/278"}],"wp:attachment":[{"href":"https:\/\/cursos.misblogs.site\/index.php\/wp-json\/wp\/v2\/media?parent=277"}],"wp:term":[{"taxonomy":"category","embeddable":true,"href":"https:\/\/cursos.misblogs.site\/index.php\/wp-json\/wp\/v2\/categories?post=277"},{"taxonomy":"post_tag","embeddable":true,"href":"https:\/\/cursos.misblogs.site\/index.php\/wp-json\/wp\/v2\/tags?post=277"}],"curies":[{"name":"wp","href":"https:\/\/api.w.org\/{rel}","templated":true}]}}